{"id":1681,"date":"2023-02-21T14:34:35","date_gmt":"2023-02-21T12:34:35","guid":{"rendered":"https:\/\/www.virtusadvocats.com\/?p=1681"},"modified":"2023-02-22T10:58:51","modified_gmt":"2023-02-22T08:58:51","slug":"nou-servei-de-veedor-digital","status":"publish","type":"post","link":"https:\/\/www.virtusadvocats.com\/es\/nou-servei-de-veedor-digital\/","title":{"rendered":"ESPECIAL ALERTA INFORMATIVA: NOU SERVEI DE VEEDOR DIGITAL"},"content":{"rendered":"<div class=\"wpb-content-wrapper\"><div data-parent=\"true\" class=\"vc_row row-container\" id=\"row-unique-0\"><div class=\"row limit-width row-parent\"><div class=\"wpb_row row-inner\"><div class=\"wpb_column pos-top pos-center align_left column_parent col-lg-12 single-internal-gutter\"><div class=\"uncol style-light\"  ><div class=\"uncoltable\"><div class=\"uncell no-block-padding\" ><div class=\"uncont\" ><div class=\"vc_custom_heading_wrap\"><div class=\"heading-text el-text\" ><h2 class=\"h2\" ><span><\/p><\/span><span><h2 style=\"text-align: center;\">Nuevo servicio de veedor digital<\/h2><\/span><span><p><\/span><\/h2><\/div><div class=\"clear\"><\/div><\/div><div class=\"uncode_text_column\" ><\/p>\n<p style=\"text-align: justify;\"><span style=\"font-size: 14pt;\">Buenos d\u00edas,<br \/>\n<\/span><\/p>\n<p style=\"text-align: justify;\"><span style=\"font-size: 14pt;\">A Virtus Advocats sempre ens esforcem per estar a l&#8217;avantguarda de les darreres tend\u00e8ncies i aven\u00e7os en el camp del dret. <\/span><\/p>\n<p style=\"text-align: justify;\"><span style=\"font-size: 14pt;\">Por ello, nos complace anunciar que ahora ofrecemos un nuevo servicio de veedor digital que act\u00faa como interlocutor administrativo con la Autoridad Financiera Andorrana (AFA) en las solicitudes de autorizaci\u00f3n de actividades relacionadas con la representaci\u00f3n digital de activos, ya sea por el procedimiento de obtenci\u00f3n de licencia por inicio de la actividad como por un supuesto de regularizaci\u00f3n de la actividad.<\/span><\/p>\n<p style=\"text-align: justify;\"><span style=\"font-size: 14pt;\">Con este nuevo servicio, nuestros clientes pueden tener la seguridad y tranquilidad de contar con un equipo legal especializado en este \u00e1mbito, que se encargar\u00e1 de gestionar y coordinar todas las solicitudes necesarias ante la Autoridad Financiera Andorrana (AFA). Asimismo, podr\u00e1n acceder a informes actualizados y detallados sobre el estado de sus solicitudes en todo momento, lo que les permitir\u00e1 estar al tanto de los avances y las decisiones que se tomen en relaci\u00f3n con sus solicitudes.<br \/>\n<\/span><\/p>\n<p style=\"text-align: justify;\"><span style=\"font-size: 14pt;\">En Virtus Advocats, estamos comprometidos en brindar soluciones eficaces y personalizadas para cada uno de nuestros clientes. Si necesita asesoramiento legal en el \u00e1mbito de la representaci\u00f3n digital de activos, no duden en contactarnos o visite nuestra p\u00e1gina web <a href=\"https:\/\/www.virtusadvocats.com\/wp-content\/uploads\/2023\/01\/newsletter_gener_2023_final.pdf\"><strong>www.virtusadvocats.com<\/strong><\/a> para conocer m\u00e1s acerca de nuestro servicio de veedor digital.\u00a0<\/span><span style=\"font-size: 14pt;\">Estaremos encantados de ayudarle a lograr sus objetivos.<br \/>\n<\/span><\/p>\n<p>\n<\/div><div class=\"uncode_text_column\" ><\/p>\n<p style=\"text-align: left;\"><span style=\"font-size: 14pt;\">Cordialmente,\u00a0<\/span><\/p>\n<p style=\"text-align: left;\"><span style=\"font-size: 14pt;\"><em>Un equipo profesional a tu disposici\u00f3n.\u00a0<\/em><\/span><\/p>\n<p>\n<\/div><\/div><\/div><\/div><\/div><\/div><script id=\"script-row-unique-0\" data-row=\"script-row-unique-0\" type=\"text\/javascript\" class=\"vc_controls\">UNCODE.initRow(document.getElementById(\"row-unique-0\"));<\/script><\/div><\/div><\/div>\n<\/div>","protected":false},"excerpt":{"rendered":"<p>A Virtus Advocats, sempre ens esforcem per estar a l&#8217;avantguarda de les darreres tend\u00e8ncies i aven\u00e7os en el camp del dret. Per aix\u00f2, ens plau anunciar que ara oferim un nou servei de veedor digital que actua com a interlocutor administratiu amb l&#8217;Autoritat Financera Andorrana (AFA)<\/p>","protected":false},"author":1,"featured_media":402,"comment_status":"closed","ping_status":"open","sticky":false,"template":"","format":"standard","meta":{"footnotes":""},"categories":[1,138,140,139],"tags":[],"class_list":["post-1681","post","type-post","status-publish","format-standard","has-post-thumbnail","hentry","category-articles","category-catala","category-english","category-espanol"],"yoast_head":"<!-- This site is optimized with the Yoast SEO plugin v27.5 - https:\/\/yoast.com\/product\/yoast-seo-wordpress\/ -->\n<title>Nou servei de veedor digital - Virtus Advocats<\/title>\n<meta name=\"description\" content=\"Ara oferim un nou servei de veedor digital que actua com a interlocutor administratiu amb l&#039;Autoritat Financera Andorrana (AFA)\" \/>\n<meta name=\"robots\" content=\"index, follow, max-snippet:-1, max-image-preview:large, max-video-preview:-1\" \/>\n<link rel=\"canonical\" href=\"https:\/\/www.virtusadvocats.com\/es\/nou-servei-de-veedor-digital\/\" \/>\n<meta property=\"og:locale\" content=\"es_ES\" \/>\n<meta property=\"og:type\" content=\"article\" \/>\n<meta property=\"og:title\" content=\"Nou servei de veedor digital - Virtus Advocats\" \/>\n<meta property=\"og:description\" content=\"Ara oferim un nou servei de veedor digital que actua com a interlocutor administratiu amb l&#039;Autoritat Financera Andorrana (AFA)\" \/>\n<meta property=\"og:url\" content=\"https:\/\/www.virtusadvocats.com\/es\/nou-servei-de-veedor-digital\/\" \/>\n<meta property=\"og:site_name\" content=\"Virtus Advocats\" \/>\n<meta property=\"article:published_time\" content=\"2023-02-21T12:34:35+00:00\" \/>\n<meta property=\"article:modified_time\" content=\"2023-02-22T08:58:51+00:00\" \/>\n<meta property=\"og:image\" content=\"https:\/\/www.virtusadvocats.com\/wp-content\/uploads\/2020\/04\/alerta.jpg\" \/>\n\t<meta property=\"og:image:width\" content=\"1128\" \/>\n\t<meta property=\"og:image:height\" content=\"814\" \/>\n\t<meta property=\"og:image:type\" content=\"image\/jpeg\" \/>\n<meta name=\"author\" content=\"administracio\" \/>\n<meta name=\"twitter:card\" content=\"summary_large_image\" \/>\n<meta name=\"twitter:label1\" content=\"Written by\" \/>\n\t<meta name=\"twitter:data1\" content=\"administracio\" \/>\n\t<meta name=\"twitter:label2\" content=\"Est. reading time\" \/>\n\t<meta name=\"twitter:data2\" content=\"2 minutos\" \/>\n<script type=\"application\/ld+json\" class=\"yoast-schema-graph\">{\"@context\":\"https:\\\/\\\/schema.org\",\"@graph\":[{\"@type\":\"Article\",\"@id\":\"https:\\\/\\\/www.virtusadvocats.com\\\/fr\\\/nou-servei-de-veedor-digital\\\/#article\",\"isPartOf\":{\"@id\":\"https:\\\/\\\/www.virtusadvocats.com\\\/fr\\\/nou-servei-de-veedor-digital\\\/\"},\"author\":{\"name\":\"administracio\",\"@id\":\"https:\\\/\\\/www.virtusadvocats.com\\\/#\\\/schema\\\/person\\\/2b4dcefc05e23f3122e053204846feb9\"},\"headline\":\"ESPECIAL ALERTA INFORMATIVA: NOU SERVEI DE VEEDOR DIGITAL\",\"datePublished\":\"2023-02-21T12:34:35+00:00\",\"dateModified\":\"2023-02-22T08:58:51+00:00\",\"mainEntityOfPage\":{\"@id\":\"https:\\\/\\\/www.virtusadvocats.com\\\/fr\\\/nou-servei-de-veedor-digital\\\/\"},\"wordCount\":314,\"publisher\":{\"@id\":\"https:\\\/\\\/www.virtusadvocats.com\\\/#organization\"},\"image\":{\"@id\":\"https:\\\/\\\/www.virtusadvocats.com\\\/fr\\\/nou-servei-de-veedor-digital\\\/#primaryimage\"},\"thumbnailUrl\":\"https:\\\/\\\/www.virtusadvocats.com\\\/wp-content\\\/uploads\\\/2020\\\/04\\\/alerta.jpg\",\"articleSection\":[\"Articles\",\"Catal\u00e0\",\"English\",\"Espa\u00f1ol\"],\"inLanguage\":\"es-PE\"},{\"@type\":\"WebPage\",\"@id\":\"https:\\\/\\\/www.virtusadvocats.com\\\/fr\\\/nou-servei-de-veedor-digital\\\/\",\"url\":\"https:\\\/\\\/www.virtusadvocats.com\\\/fr\\\/nou-servei-de-veedor-digital\\\/\",\"name\":\"Nou servei de veedor digital - Virtus Advocats\",\"isPartOf\":{\"@id\":\"https:\\\/\\\/www.virtusadvocats.com\\\/#website\"},\"primaryImageOfPage\":{\"@id\":\"https:\\\/\\\/www.virtusadvocats.com\\\/fr\\\/nou-servei-de-veedor-digital\\\/#primaryimage\"},\"image\":{\"@id\":\"https:\\\/\\\/www.virtusadvocats.com\\\/fr\\\/nou-servei-de-veedor-digital\\\/#primaryimage\"},\"thumbnailUrl\":\"https:\\\/\\\/www.virtusadvocats.com\\\/wp-content\\\/uploads\\\/2020\\\/04\\\/alerta.jpg\",\"datePublished\":\"2023-02-21T12:34:35+00:00\",\"dateModified\":\"2023-02-22T08:58:51+00:00\",\"description\":\"Ara oferim un nou servei de veedor digital que actua com a interlocutor administratiu amb l'Autoritat Financera Andorrana (AFA)\",\"breadcrumb\":{\"@id\":\"https:\\\/\\\/www.virtusadvocats.com\\\/fr\\\/nou-servei-de-veedor-digital\\\/#breadcrumb\"},\"inLanguage\":\"es-PE\",\"potentialAction\":[{\"@type\":\"ReadAction\",\"target\":[\"https:\\\/\\\/www.virtusadvocats.com\\\/fr\\\/nou-servei-de-veedor-digital\\\/\"]}]},{\"@type\":\"ImageObject\",\"inLanguage\":\"es-PE\",\"@id\":\"https:\\\/\\\/www.virtusadvocats.com\\\/fr\\\/nou-servei-de-veedor-digital\\\/#primaryimage\",\"url\":\"https:\\\/\\\/www.virtusadvocats.com\\\/wp-content\\\/uploads\\\/2020\\\/04\\\/alerta.jpg\",\"contentUrl\":\"https:\\\/\\\/www.virtusadvocats.com\\\/wp-content\\\/uploads\\\/2020\\\/04\\\/alerta.jpg\",\"width\":1128,\"height\":814,\"caption\":\"Alerta informativa i transpar\u00e8ncia de tarifes, comissions i despeses efectivament aplicables als clients de les entitats operatives del sistema financer\"},{\"@type\":\"BreadcrumbList\",\"@id\":\"https:\\\/\\\/www.virtusadvocats.com\\\/fr\\\/nou-servei-de-veedor-digital\\\/#breadcrumb\",\"itemListElement\":[{\"@type\":\"ListItem\",\"position\":1,\"name\":\"Portada\",\"item\":\"https:\\\/\\\/www.virtusadvocats.com\\\/\"},{\"@type\":\"ListItem\",\"position\":2,\"name\":\"ESPECIAL ALERTA INFORMATIVA: NOU SERVEI DE VEEDOR DIGITAL\"}]},{\"@type\":\"WebSite\",\"@id\":\"https:\\\/\\\/www.virtusadvocats.com\\\/#website\",\"url\":\"https:\\\/\\\/www.virtusadvocats.com\\\/\",\"name\":\"Virtus Advocats\",\"description\":\"Professionals del dret i de l&#039;economia\",\"publisher\":{\"@id\":\"https:\\\/\\\/www.virtusadvocats.com\\\/#organization\"},\"potentialAction\":[{\"@type\":\"SearchAction\",\"target\":{\"@type\":\"EntryPoint\",\"urlTemplate\":\"https:\\\/\\\/www.virtusadvocats.com\\\/?s={search_term_string}\"},\"query-input\":{\"@type\":\"PropertyValueSpecification\",\"valueRequired\":true,\"valueName\":\"search_term_string\"}}],\"inLanguage\":\"es-PE\"},{\"@type\":\"Organization\",\"@id\":\"https:\\\/\\\/www.virtusadvocats.com\\\/#organization\",\"name\":\"Virtus Advocats\",\"url\":\"https:\\\/\\\/www.virtusadvocats.com\\\/\",\"logo\":{\"@type\":\"ImageObject\",\"inLanguage\":\"es-PE\",\"@id\":\"https:\\\/\\\/www.virtusadvocats.com\\\/#\\\/schema\\\/logo\\\/image\\\/\",\"url\":\"https:\\\/\\\/www.virtusadvocats.com\\\/wp-content\\\/uploads\\\/2020\\\/04\\\/android-icon-192x192-1.png\",\"contentUrl\":\"https:\\\/\\\/www.virtusadvocats.com\\\/wp-content\\\/uploads\\\/2020\\\/04\\\/android-icon-192x192-1.png\",\"width\":192,\"height\":192,\"caption\":\"Virtus Advocats\"},\"image\":{\"@id\":\"https:\\\/\\\/www.virtusadvocats.com\\\/#\\\/schema\\\/logo\\\/image\\\/\"},\"sameAs\":[\"https:\\\/\\\/www.linkedin.com\\\/company\\\/virtus-advocats\\\/\"]},{\"@type\":\"Person\",\"@id\":\"https:\\\/\\\/www.virtusadvocats.com\\\/#\\\/schema\\\/person\\\/2b4dcefc05e23f3122e053204846feb9\",\"name\":\"administracio\",\"image\":{\"@type\":\"ImageObject\",\"inLanguage\":\"es-PE\",\"@id\":\"https:\\\/\\\/secure.gravatar.com\\\/avatar\\\/3a0d8e2e5011c7b09035fd6a28ca54eec4833d73235bcbd1e44d43264d926a21?s=96&d=mm&r=g\",\"url\":\"https:\\\/\\\/secure.gravatar.com\\\/avatar\\\/3a0d8e2e5011c7b09035fd6a28ca54eec4833d73235bcbd1e44d43264d926a21?s=96&d=mm&r=g\",\"contentUrl\":\"https:\\\/\\\/secure.gravatar.com\\\/avatar\\\/3a0d8e2e5011c7b09035fd6a28ca54eec4833d73235bcbd1e44d43264d926a21?s=96&d=mm&r=g\",\"caption\":\"administracio\"}}]}<\/script>\n<!-- \/ Yoast SEO plugin. -->","yoast_head_json":{"title":"Nou servei de veedor digital - Virtus Advocats","description":"Ara oferim un nou servei de veedor digital que actua com a interlocutor administratiu amb l'Autoritat Financera Andorrana (AFA)","robots":{"index":"index","follow":"follow","max-snippet":"max-snippet:-1","max-image-preview":"max-image-preview:large","max-video-preview":"max-video-preview:-1"},"canonical":"https:\/\/www.virtusadvocats.com\/es\/nou-servei-de-veedor-digital\/","og_locale":"es_ES","og_type":"article","og_title":"Nou servei de veedor digital - Virtus Advocats","og_description":"Ara oferim un nou servei de veedor digital que actua com a interlocutor administratiu amb l'Autoritat Financera Andorrana (AFA)","og_url":"https:\/\/www.virtusadvocats.com\/es\/nou-servei-de-veedor-digital\/","og_site_name":"Virtus Advocats","article_published_time":"2023-02-21T12:34:35+00:00","article_modified_time":"2023-02-22T08:58:51+00:00","og_image":[{"width":1128,"height":814,"url":"https:\/\/www.virtusadvocats.com\/wp-content\/uploads\/2020\/04\/alerta.jpg","type":"image\/jpeg"}],"author":"administracio","twitter_card":"summary_large_image","twitter_misc":{"Written by":"administracio","Est. reading time":"2 minutos"},"schema":{"@context":"https:\/\/schema.org","@graph":[{"@type":"Article","@id":"https:\/\/www.virtusadvocats.com\/fr\/nou-servei-de-veedor-digital\/#article","isPartOf":{"@id":"https:\/\/www.virtusadvocats.com\/fr\/nou-servei-de-veedor-digital\/"},"author":{"name":"administracio","@id":"https:\/\/www.virtusadvocats.com\/#\/schema\/person\/2b4dcefc05e23f3122e053204846feb9"},"headline":"ESPECIAL ALERTA INFORMATIVA: NOU SERVEI DE VEEDOR DIGITAL","datePublished":"2023-02-21T12:34:35+00:00","dateModified":"2023-02-22T08:58:51+00:00","mainEntityOfPage":{"@id":"https:\/\/www.virtusadvocats.com\/fr\/nou-servei-de-veedor-digital\/"},"wordCount":314,"publisher":{"@id":"https:\/\/www.virtusadvocats.com\/#organization"},"image":{"@id":"https:\/\/www.virtusadvocats.com\/fr\/nou-servei-de-veedor-digital\/#primaryimage"},"thumbnailUrl":"https:\/\/www.virtusadvocats.com\/wp-content\/uploads\/2020\/04\/alerta.jpg","articleSection":["Articles","Catal\u00e0","English","Espa\u00f1ol"],"inLanguage":"es-PE"},{"@type":"WebPage","@id":"https:\/\/www.virtusadvocats.com\/fr\/nou-servei-de-veedor-digital\/","url":"https:\/\/www.virtusadvocats.com\/fr\/nou-servei-de-veedor-digital\/","name":"Nou servei de veedor digital - Virtus Advocats","isPartOf":{"@id":"https:\/\/www.virtusadvocats.com\/#website"},"primaryImageOfPage":{"@id":"https:\/\/www.virtusadvocats.com\/fr\/nou-servei-de-veedor-digital\/#primaryimage"},"image":{"@id":"https:\/\/www.virtusadvocats.com\/fr\/nou-servei-de-veedor-digital\/#primaryimage"},"thumbnailUrl":"https:\/\/www.virtusadvocats.com\/wp-content\/uploads\/2020\/04\/alerta.jpg","datePublished":"2023-02-21T12:34:35+00:00","dateModified":"2023-02-22T08:58:51+00:00","description":"Ara oferim un nou servei de veedor digital que actua com a interlocutor administratiu amb l'Autoritat Financera Andorrana (AFA)","breadcrumb":{"@id":"https:\/\/www.virtusadvocats.com\/fr\/nou-servei-de-veedor-digital\/#breadcrumb"},"inLanguage":"es-PE","potentialAction":[{"@type":"ReadAction","target":["https:\/\/www.virtusadvocats.com\/fr\/nou-servei-de-veedor-digital\/"]}]},{"@type":"ImageObject","inLanguage":"es-PE","@id":"https:\/\/www.virtusadvocats.com\/fr\/nou-servei-de-veedor-digital\/#primaryimage","url":"https:\/\/www.virtusadvocats.com\/wp-content\/uploads\/2020\/04\/alerta.jpg","contentUrl":"https:\/\/www.virtusadvocats.com\/wp-content\/uploads\/2020\/04\/alerta.jpg","width":1128,"height":814,"caption":"Alerta informativa i transpar\u00e8ncia de tarifes, comissions i despeses efectivament aplicables als clients de les entitats operatives del sistema financer"},{"@type":"BreadcrumbList","@id":"https:\/\/www.virtusadvocats.com\/fr\/nou-servei-de-veedor-digital\/#breadcrumb","itemListElement":[{"@type":"ListItem","position":1,"name":"Portada","item":"https:\/\/www.virtusadvocats.com\/"},{"@type":"ListItem","position":2,"name":"ESPECIAL ALERTA INFORMATIVA: NOU SERVEI DE VEEDOR DIGITAL"}]},{"@type":"WebSite","@id":"https:\/\/www.virtusadvocats.com\/#website","url":"https:\/\/www.virtusadvocats.com\/","name":"Virtus Advocats","description":"Professionals del dret i de l&#039;economia","publisher":{"@id":"https:\/\/www.virtusadvocats.com\/#organization"},"potentialAction":[{"@type":"SearchAction","target":{"@type":"EntryPoint","urlTemplate":"https:\/\/www.virtusadvocats.com\/?s={search_term_string}"},"query-input":{"@type":"PropertyValueSpecification","valueRequired":true,"valueName":"search_term_string"}}],"inLanguage":"es-PE"},{"@type":"Organization","@id":"https:\/\/www.virtusadvocats.com\/#organization","name":"Virtus Advocats","url":"https:\/\/www.virtusadvocats.com\/","logo":{"@type":"ImageObject","inLanguage":"es-PE","@id":"https:\/\/www.virtusadvocats.com\/#\/schema\/logo\/image\/","url":"https:\/\/www.virtusadvocats.com\/wp-content\/uploads\/2020\/04\/android-icon-192x192-1.png","contentUrl":"https:\/\/www.virtusadvocats.com\/wp-content\/uploads\/2020\/04\/android-icon-192x192-1.png","width":192,"height":192,"caption":"Virtus Advocats"},"image":{"@id":"https:\/\/www.virtusadvocats.com\/#\/schema\/logo\/image\/"},"sameAs":["https:\/\/www.linkedin.com\/company\/virtus-advocats\/"]},{"@type":"Person","@id":"https:\/\/www.virtusadvocats.com\/#\/schema\/person\/2b4dcefc05e23f3122e053204846feb9","name":"administracio","image":{"@type":"ImageObject","inLanguage":"es-PE","@id":"https:\/\/secure.gravatar.com\/avatar\/3a0d8e2e5011c7b09035fd6a28ca54eec4833d73235bcbd1e44d43264d926a21?s=96&d=mm&r=g","url":"https:\/\/secure.gravatar.com\/avatar\/3a0d8e2e5011c7b09035fd6a28ca54eec4833d73235bcbd1e44d43264d926a21?s=96&d=mm&r=g","contentUrl":"https:\/\/secure.gravatar.com\/avatar\/3a0d8e2e5011c7b09035fd6a28ca54eec4833d73235bcbd1e44d43264d926a21?s=96&d=mm&r=g","caption":"administracio"}}]}},"_links":{"self":[{"href":"https:\/\/www.virtusadvocats.com\/es\/wp-json\/wp\/v2\/posts\/1681","targetHints":{"allow":["GET"]}}],"collection":[{"href":"https:\/\/www.virtusadvocats.com\/es\/wp-json\/wp\/v2\/posts"}],"about":[{"href":"https:\/\/www.virtusadvocats.com\/es\/wp-json\/wp\/v2\/types\/post"}],"author":[{"embeddable":true,"href":"https:\/\/www.virtusadvocats.com\/es\/wp-json\/wp\/v2\/users\/1"}],"replies":[{"embeddable":true,"href":"https:\/\/www.virtusadvocats.com\/es\/wp-json\/wp\/v2\/comments?post=1681"}],"version-history":[{"count":12,"href":"https:\/\/www.virtusadvocats.com\/es\/wp-json\/wp\/v2\/posts\/1681\/revisions"}],"predecessor-version":[{"id":1697,"href":"https:\/\/www.virtusadvocats.com\/es\/wp-json\/wp\/v2\/posts\/1681\/revisions\/1697"}],"wp:featuredmedia":[{"embeddable":true,"href":"https:\/\/www.virtusadvocats.com\/es\/wp-json\/wp\/v2\/media\/402"}],"wp:attachment":[{"href":"https:\/\/www.virtusadvocats.com\/es\/wp-json\/wp\/v2\/media?parent=1681"}],"wp:term":[{"taxonomy":"category","embeddable":true,"href":"https:\/\/www.virtusadvocats.com\/es\/wp-json\/wp\/v2\/categories?post=1681"},{"taxonomy":"post_tag","embeddable":true,"href":"https:\/\/www.virtusadvocats.com\/es\/wp-json\/wp\/v2\/tags?post=1681"}],"curies":[{"name":"wp","href":"https:\/\/api.w.org\/{rel}","templated":true}]}}